{"id":2771,"date":"2020-10-26T08:58:40","date_gmt":"2020-10-26T08:58:40","guid":{"rendered":"https:\/\/reframe.sussex.ac.uk\/mediatico\/?p=2771"},"modified":"2020-10-26T13:09:31","modified_gmt":"2020-10-26T13:09:31","slug":"ema-a-premonitory-performance-of-fire-and-dance","status":"publish","type":"post","link":"https:\/\/reframe.sussex.ac.uk\/mediatico\/2020\/10\/26\/ema-a-premonitory-performance-of-fire-and-dance\/","title":{"rendered":"Ema: A Premonitory Performance of Fire and Dance"},"content":{"rendered":"\n<p class=\"has-text-align-right\"><a href=\"https:\/\/reframe.sussex.ac.uk\/mediatico\/2020\/10\/26\/introduction-to-the-special-dossier-on-ema-pablo-larrain-2019\/\"><em>Link to <\/em>Ema<em> Dossier Index<\/em><\/a><\/p>\n\n\n\n<p class=\"has-text-align-left\">by Laura Hatry*<\/p>\n\n\n\n<p>It\u2019s not likely that Pablo Larra\u00edn could have imagined the extent to which <em>Ema<\/em> would anticipate real-world events when it was released in Venice on August 28, 2019. For his eighth feature film, he had, for the first time, explicitly set his story in contemporary Chile, and among a younger generation, as opposed to his own or to the generation that came before him. His dictatorship trilogy (<em>Tony Manero<\/em> [2008], <em>Post Mortem <\/em>[2010]<em> and No<\/em> [2012]) had focused on the Pinochet era, <em>Neruda <\/em>(2016) and <em>Jackie <\/em>(2016) on historical figures, and though <em>El club <\/em>(2015) was set in Chile, its time and place were never specifically defined. When asked during a <a href=\"https:\/\/www.youtube.com\/watch?v=enCWsAA6w8A&amp;ab_channel=TIFFTalks\">Q&amp;A<\/a> in Toronto following a screening of <em>Ema<\/em> about this aspect of \u201clooking almost to the future,\u201d he answered that, for him, it was more like the immediate past, given that it was already in the process of taking place. Nevertheless, the notion of looking to the future has taken on greater weight in view of <em>Ema<\/em>\u2019s premonitory relationship to the social upheaval that was to erupt in Chile subsequent to the release of the film. Indeed, two of its central motifs, namely fire and dance, turned out to be focal points of the so-called <em>estallido social<\/em> during the fall of 2019: arson was ubiquitous, and the validity of its use during the protests was hotly debated, while the performance piece \u201c<a href=\"https:\/\/www.youtube.com\/watch?v=mjhGYeKHkbQ\">Un violador en tu camino<\/a>\u201d became an international feminist anthem.<\/p>\n\n\n\n<p>The <em>estallido social<\/em> began with a seemingly \u201cinnocent\u201d decision: a fare increase on the public transport system of the city of Santiago on October 6, 2019. That the increase of a mere 30 pesos during rush hour (from 800 to 830 pesos, or from around $1.13 to $1.17 at the time) would be sufficient reason to protest might strike readers outside of Chile as improbable, but the local \u2013 and the bigger \u2013 picture was quite different. This was only the most recent in a string of similar increases, and, for a working population already struggling with high public transportation costs relative to income \u2013 the average monthly cost of public transportation is <a href=\"https:\/\/www.t13.cl\/noticia\/nacional\/evasion-masiva-metro-valor-pasaje-chile-mundo-sueldo-minimo\">13.78% of the minimal wage<\/a> \u2013 amidst society-wide dissatisfaction with the now decade-long consequences of the end of the dictatorship and inherited neoliberal policies, as well as a rising clamour against Chile\u2019s immense socioeconomic inequality, it became the straw that broke the camel\u2019s back. Following the announcement of the fare increase, hundreds of students organised <em>evasiones masivas<\/em> (mass turnstile-jumping), leading to clashes with the police, which escalated on October 18, and Sebasti\u00e1n Pi\u00f1era\u2019s declaration of a state of emergency the following day. Notably, it was accompanied by the imposition of a&nbsp;curfew for the first time during the democratic era for reasons other than natural disaster. Two days later, on October 20, Pi\u00f1era would give a press conference in which he declared that the country was at war. The next morning Larra\u00edn uploaded a <a href=\"https:\/\/www.instagram.com\/p\/B34Dj9EFxTb\/?igshid=1ajv6i6wuz6ab\">black image<\/a> to his Instagram account with the hashtag #noestamosenguerra. Four days after the start of the upheaval and fifteen deaths later, the Senate rescinded the fare increase.<\/p>\n\n\n\n<p>However, as most protesters described it, \u201cChile had woken up,\u201d and the flame kept burning. Within ten days an explanatory <a href=\"http:\/\/www.luisemiliorecabarren.cl\/files\/recursos\/rabia.pdf\">document<\/a> by Hans Stange, Antoine Faure, Claudia Lagos, Claudio Salinas, Ren\u00e9 Jara, and Alejandro Lagos, called <em>Rabia<\/em>, started making the rounds on social media, informing the world of the injustices to which citizens had been subjected during this period and exposing both human rights violations and state violence. The first image in the document (2019: 10) shows an enormous blaze that couldn\u2019t be more reminiscent of the conflagrations we see in <em>Ema<\/em> (Figure 1).&nbsp;<\/p>\n\n\n\n<figure class=\"wp-block-image size-large\"><img loading=\"lazy\" decoding=\"async\" width=\"1024\" height=\"629\" src=\"https:\/\/reframe.sussex.ac.uk\/mediatico\/files\/2020\/10\/Hatry-Figure-1-1-1024x629.png\" alt=\"\" class=\"wp-image-2775\" srcset=\"https:\/\/reframe.sussex.ac.uk\/mediatico\/files\/2020\/10\/Hatry-Figure-1-1-1024x629.png 1024w, https:\/\/reframe.sussex.ac.uk\/mediatico\/files\/2020\/10\/Hatry-Figure-1-1-300x184.png 300w, https:\/\/reframe.sussex.ac.uk\/mediatico\/files\/2020\/10\/Hatry-Figure-1-1-768x472.png 768w, https:\/\/reframe.sussex.ac.uk\/mediatico\/files\/2020\/10\/Hatry-Figure-1-1-1536x943.png 1536w, https:\/\/reframe.sussex.ac.uk\/mediatico\/files\/2020\/10\/Hatry-Figure-1-1.png 1695w\" sizes=\"auto, (max-width: 1024px) 100vw, 1024px\" \/><figcaption>Figure 1: Chile despert\u00f3 (<em>Rabia<\/em>)<\/figcaption><\/figure>\n\n\n\n<figure class=\"wp-block-image size-large\"><img loading=\"lazy\" decoding=\"async\" width=\"1024\" height=\"690\" src=\"https:\/\/reframe.sussex.ac.uk\/mediatico\/files\/2020\/10\/Hatry-Figure-2-1-1024x690.png\" alt=\"\" class=\"wp-image-2774\" srcset=\"https:\/\/reframe.sussex.ac.uk\/mediatico\/files\/2020\/10\/Hatry-Figure-2-1-1024x690.png 1024w, https:\/\/reframe.sussex.ac.uk\/mediatico\/files\/2020\/10\/Hatry-Figure-2-1-300x202.png 300w, https:\/\/reframe.sussex.ac.uk\/mediatico\/files\/2020\/10\/Hatry-Figure-2-1-768x518.png 768w, https:\/\/reframe.sussex.ac.uk\/mediatico\/files\/2020\/10\/Hatry-Figure-2-1.png 1421w\" sizes=\"auto, (max-width: 1024px) 100vw, 1024px\" \/><figcaption>Figure 2: <em>Ema<\/em> (Pablo Larra\u00edn 2019)<\/figcaption><\/figure>\n\n\n\n<p>Ema is not an easily likeable character, and Gast\u00f3n may be even less so; after all, they returned their adopted son to the orphanage after he committed horrible acts of violence, although he probably got the inspiration for his actions from Ema and her own obsession with pyromania. But that\u2019s one of the beauties of Larra\u00edn\u2019s filmmaking: he compels us to grapple with injustices experienced not only by the righteous, but by problematic characters as well. It\u2019s easy to identify and feel empathy with a \u201cperfect\u201d protagonist, but how do you empathize with someone like Ema? And how should we understand the physical violence committed during the <em>estallido social<\/em> \u2013 can we possibly justify burning down public property, regardless of the injustices that have led to it?<a href=\"#_edn1\">[i]<\/a> But under the oppression of the neoliberal ruling order, some protesters saw no other means of adequately expressing their fury and showing that these unsustainable disparities must cease. Without condoning violence, it remains imperative to try to understand the complex situation from which it arose, as opposed to simply crushing its perpetrators and ignoring the conditions that drove them to their actions \u2013&nbsp;and let\u2019s not overlook the fact that a large part of the upheaval was likely fomented by police infiltrators fanning the flames so as to justify the systematic use of force against the protesters. Images reminiscent of the worst days of the dictatorship emerged in which police used firehoses to disperse protesters. In <em>Ema<\/em> as well, it\u2019s not only the stream of fire, but also of water that reflects the arbitrary and insuperable prerogatives of power. When An\u00edbal, a firefighter, teaches Ema how to operate a firehose, we see \u2013 we can actually feel \u2013 the power in her hands: a force that can be used to extinguish fires both literal and political.<\/p>\n\n\n\n<p>Though they are definitely striking, these images of fire and vandalism reflect just a minor aspect of the behaviour of the predominantly peaceful protesters who took to the streets in their millions. The streets became a canvas for popular protest \u2013 and also for wisdom, as <em>Rabia<\/em> suggests (2019: 31) \u2013 filled with banners, spontaneous actions, chants, and performances. Similarly, Ema\u2019s dancing and her nocturnal arson turn into performance art through the lens of Sergio Armstrong\u2019s cinematography. The very first image in the film depicts a burning traffic light, assailing the viewer with scorching rings that might well call to mind another artist who used fire as medium; but where Yves Klein scorch-painted actual canvasses with his flamethrower (Figures 3 and 5),<a href=\"#_edn1\">[ii]<\/a> Ema\u2019s canvasses are the sky and public buildings, a variation on the famous graffiti-covered walls of Valpara\u00edso, according to a comparison by Larra\u00edn in the aforementioned Q&amp;A (Figure 4).<\/p>\n\n\n\n<figure class=\"wp-block-image size-large\"><img loading=\"lazy\" decoding=\"async\" width=\"600\" height=\"576\" src=\"https:\/\/reframe.sussex.ac.uk\/mediatico\/files\/2020\/10\/Hatry-Figure-3.jpg\" alt=\"\" class=\"wp-image-2777\" srcset=\"https:\/\/reframe.sussex.ac.uk\/mediatico\/files\/2020\/10\/Hatry-Figure-3.jpg 600w, https:\/\/reframe.sussex.ac.uk\/mediatico\/files\/2020\/10\/Hatry-Figure-3-300x288.jpg 300w\" sizes=\"auto, (max-width: 600px) 100vw, 600px\" \/><figcaption>Figure 3: Yves Klein&#8217;s fire painting process<\/figcaption><\/figure>\n\n\n\n<figure class=\"wp-block-image size-large\"><img loading=\"lazy\" decoding=\"async\" width=\"1024\" height=\"608\" src=\"https:\/\/reframe.sussex.ac.uk\/mediatico\/files\/2020\/10\/Hatry-Figure-4-1024x608.png\" alt=\"\" class=\"wp-image-2778\" srcset=\"https:\/\/reframe.sussex.ac.uk\/mediatico\/files\/2020\/10\/Hatry-Figure-4-1024x608.png 1024w, https:\/\/reframe.sussex.ac.uk\/mediatico\/files\/2020\/10\/Hatry-Figure-4-300x178.png 300w, https:\/\/reframe.sussex.ac.uk\/mediatico\/files\/2020\/10\/Hatry-Figure-4-768x456.png 768w, https:\/\/reframe.sussex.ac.uk\/mediatico\/files\/2020\/10\/Hatry-Figure-4-1536x911.png 1536w, https:\/\/reframe.sussex.ac.uk\/mediatico\/files\/2020\/10\/Hatry-Figure-4.png 1793w\" sizes=\"auto, (max-width: 1024px) 100vw, 1024px\" \/><figcaption>Figure 4: Ema&#8217;s pyromania turned into performance art (<em>Ema<\/em>)<\/figcaption><\/figure>\n\n\n\n<figure class=\"wp-block-image size-large\"><img loading=\"lazy\" decoding=\"async\" width=\"675\" height=\"1024\" src=\"https:\/\/reframe.sussex.ac.uk\/mediatico\/files\/2020\/10\/Hatry-Figure-5-675x1024.jpg\" alt=\"\" class=\"wp-image-2779\" srcset=\"https:\/\/reframe.sussex.ac.uk\/mediatico\/files\/2020\/10\/Hatry-Figure-5-675x1024.jpg 675w, https:\/\/reframe.sussex.ac.uk\/mediatico\/files\/2020\/10\/Hatry-Figure-5-198x300.jpg 198w, https:\/\/reframe.sussex.ac.uk\/mediatico\/files\/2020\/10\/Hatry-Figure-5-768x1164.jpg 768w, https:\/\/reframe.sussex.ac.uk\/mediatico\/files\/2020\/10\/Hatry-Figure-5-1013x1536.jpg 1013w, https:\/\/reframe.sussex.ac.uk\/mediatico\/files\/2020\/10\/Hatry-Figure-5.jpg 1035w\" sizes=\"auto, (max-width: 675px) 100vw, 675px\" \/><figcaption>Figure 5 Untitled Fire Painting (Yves Klein)<\/figcaption><\/figure>\n\n\n\n<figure class=\"wp-block-image size-large\"><img loading=\"lazy\" decoding=\"async\" width=\"537\" height=\"826\" src=\"https:\/\/reframe.sussex.ac.uk\/mediatico\/files\/2020\/10\/Hatry-Figure-6.png\" alt=\"\" class=\"wp-image-2780\" srcset=\"https:\/\/reframe.sussex.ac.uk\/mediatico\/files\/2020\/10\/Hatry-Figure-6.png 537w, https:\/\/reframe.sussex.ac.uk\/mediatico\/files\/2020\/10\/Hatry-Figure-6-195x300.png 195w\" sizes=\"auto, (max-width: 537px) 100vw, 537px\" \/><figcaption>Figure 6: The traffic light, a symbol of order and rules to which Ema sets fire<\/figcaption><\/figure>\n\n\n\n<p>If the traffic light is the perfect symbol of order and the set of rules citizens are expected to follow (Figure 6), Ema symbolically sets those rules on fire, challenging a system that, in the words of the social worker who accepted their bribe to enable them to adopt their son Polo, \u201cest\u00e1 hecho para eliminar a gente como ustedes.\u201d The system insists on controlling its citizens, whether by means of the subway fare, biopolitics, organisation of the family, or dominance over the female body.<\/p>\n\n\n\n<p>Ema\u2019s defiance of tradition or conservatism is played out on multiple levels. For one, she questions the \u201cstandard,\u201d nuclear, heteronormative family structure, and thanks to a devious plan she eventually succeeds in establishing an eccentric, patchwork sort of family more suited to her values; for another, she severs her ties to the high-brow dance troupe with which she\u2019d been associated. The latter decision is closely connected to her feminism: while Gast\u00f3n in some ways exemplifies the male gaze when he, the male presence, oversees the performance of his own choreography from the margins, within what we might call the traditional dance circuit, Ema uses dance as a direct form of liberation. First, as a school teacher, she conveys the feeling of freedom to her students by dancing with them, not just observing them as Gast\u00f3n does, which Larra\u00edn underlines visually by showing her among them, kneeling so as to be on the same level.<\/p>\n\n\n\n<figure class=\"wp-block-image size-large\"><img loading=\"lazy\" decoding=\"async\" width=\"1024\" height=\"523\" src=\"https:\/\/reframe.sussex.ac.uk\/mediatico\/files\/2020\/10\/Hatry-Figure-7-1024x523.png\" alt=\"\" class=\"wp-image-2781\" srcset=\"https:\/\/reframe.sussex.ac.uk\/mediatico\/files\/2020\/10\/Hatry-Figure-7-1024x523.png 1024w, https:\/\/reframe.sussex.ac.uk\/mediatico\/files\/2020\/10\/Hatry-Figure-7-300x153.png 300w, https:\/\/reframe.sussex.ac.uk\/mediatico\/files\/2020\/10\/Hatry-Figure-7-768x392.png 768w, https:\/\/reframe.sussex.ac.uk\/mediatico\/files\/2020\/10\/Hatry-Figure-7-1536x784.png 1536w, https:\/\/reframe.sussex.ac.uk\/mediatico\/files\/2020\/10\/Hatry-Figure-7-2048x1046.png 2048w\" sizes=\"auto, (max-width: 1024px) 100vw, 1024px\" \/><figcaption>Figure 7 Ema rejects conservatism kneeling with her students so as to be on the same level<\/figcaption><\/figure>\n\n\n\n<p>Second, when Ema and her girlfriends quit the theatre company, they take to the streets, they dance the city, they perform what\u2019s considered low-brow reggaeton \u2013 as a minute-long mansplaining monologue by Gast\u00f3n reveals his traditionalist view on the matter. While his stage performance is drenched in red and blue neon light, their spontaneous outpouring, with the port of Valparaiso as backdrop, establishes a connection in the real world with the two elements these colours represent: fire and water. And it is not just the dancing that makes them feel good on the streets, but more importantly, the female solidarity and friendship, and the fact that \u201csocial power arises only through collective action, from a we\u201d (Han 2018: 120). Ema\u2019s girlfriends support her incendiary intentions, and the representation of the intimate moments among them while they dance is simply sublime.<\/p>\n\n\n\n<p>This feminist awakening is inscribed in the larger context of feminist movements in Latin America that started with the famous Ni una menos in Argentina in 2015. But as a direct precedent I would like specifically to mention the <a href=\"https:\/\/rufianrevista.org\/wp-content\/uploads\/2019\/06\/Rufian-29-huelga.pdf\">2019 spring issue<\/a> of <em>Revista<\/em> <em>Rufi\u00e1n<\/em>, \u201cEl despliegue del fuego feminista,\u201d a title that seems to precisely incorporate the points discussed here and which includes a beautiful photo essay by Paulina Barrenechea that gives an account of the use of fire during the feminist demonstrations in the city of Concepci\u00f3n, Chile, over recent years. The fire that is depicted here, \u201cruge, activa y [\u2026] transforma. El fuego es el conector que permite que el grito colectivo haga tambalear las cortezas patriarcales, la chispa que activa la acci\u00f3n\u201d (2019: 10). These sparks lead us, finally, to the performance&nbsp;by the collective, Lastesis, first staged on November 20, 2019, in Valpara\u00edso, as part of the project \u201c<a href=\"https:\/\/www.instagram.com\/p\/B5AlUYfJA9O\/?igshid=qnhijg7kbd7t\">Fuego. Acciones en Cemento<\/a>.\u201d The choreography of <a href=\"https:\/\/www.instagram.com\/p\/B5Gn36NJ_Nl\/\">\u201cUn violador en tu camino\u201d<\/a> and the women calling for rebellion against the \u201cestado opresor,\u201d which <em>is<\/em> the \u201cmacho violador,\u201d perfectly embody Ema\u2019s spirit of burning down the patriarchy. Lastesis and Ema equally conquer the urban space to collectively denounce an oppressive neoliberal, patriarchal system through the power of dance and female solidarity, and with <em>Ema<\/em>, maybe his most daring film to date, Larra\u00edn shows that he is eager to learn from these women who represent the generation of the future.<\/p>\n\n\n\n<p><strong>Works Cited<\/strong><\/p>\n\n\n\n<p>C\u00e1diz, Pablo. \u201c\u00bfEl Metro m\u00e1s caro de Sudam\u00e9rica? Esto gastan los chilenos en transporte (y qu\u00e9 pasa en el mundo),\u201d <em>T13<\/em>, October 18, 2019. Available at: https:\/\/www.t13.cl\/noticia\/nacional\/evasion-masiva-metro-valor-pasaje-chile-mundo-sueldo-minimo<\/p>\n\n\n\n<p>Carter Jackson, Kellie. \u201cThe Double Standard of the American Riot,\u201d <em>The Atlantic<\/em>, June 1, 2020. Available at: https:\/\/www.theatlantic.com\/culture\/archive\/2020\/06\/riots-are-american-way-george-floyd-protests\/612466\/<\/p>\n\n\n\n<p>Han, Byung-Chul (2018). <em>Topology of Violence<\/em>. Trans. Amanda DeMarco. Cambridge, MA: MIT Press.<\/p>\n\n\n\n<p>Reid, Nicky. \u201cA Message Written in Fire: In Defense of Social Upheaval,\u201d <em>Counterpunch<\/em>, June 12, 2020. Available at: https:\/\/www.counterpunch.org\/2020\/06\/12\/a-message-written-in-fire-in-defense-of-social-upheaval\/<\/p>\n\n\n\n<p><em>Revista Rufi\u00e1n<\/em>. Issue 9, number 29, May 2020. Available at: https:\/\/rufianrevista.org\/wp-content\/uploads\/2019\/06\/Rufian-29-huelga.pdf<\/p>\n\n\n\n<p>Stange, Hans, et al. (2019). <em>Rabia. Miedos, abusos y des\u00f3rdenes en el oasis chileno<\/em>. Available at: http:\/\/www.luisemiliorecabarren.cl\/files\/recursos\/rabia.pdf<\/p>\n\n\n\n<p><strong>Bio<\/strong><\/p>\n\n\n\n<p>*Laura Hatry earned her PhD from Universidad Aut\u00f3noma de Madrid in Hispanic Studies. Her research focuses on cinematic adaptations of Latin American literary works, as well as other convergences (and divergences) among the arts. In addition, she holds an MA in Contemporary Art History and Visual Culture from the Reina Sof\u00eda Museum in Madrid and a postgraduate certification in Library Science. She is the editor of<em> <a href=\"https:\/\/edinburghuniversitypress.com\/book-refocus-the-films-of-pablo-larrain.html\">Refocus: the Fims of Pablo Larrain<\/a><\/em> (Edinburgh University Press, 2020).<\/p>\n\n\n\n<p><a href=\"https:\/\/reframe.sussex.ac.uk\/mediatico\/wp-admin\/post.php?post=2771&amp;action=edit#_ednref1\">[i]<\/a> Permit me to recommend <a href=\"https:\/\/www.theatlantic.com\/culture\/archive\/2020\/06\/riots-are-american-way-george-floyd-protests\/612466\/\">this article<\/a> in <em>The Atlantic<\/em> or <a href=\"https:\/\/www.counterpunch.org\/2020\/06\/12\/a-message-written-in-fire-in-defense-of-social-upheaval\/\">this opinion piece<\/a> on the subject written in the wake of the protests following the murder of George Floyd.<\/p>\n\n\n\n<p><a href=\"#_ednref1\">[ii]<\/a> You can get a glimpse of Yves Klein\u2019s fire-painting process <a href=\"http:\/\/www.yvesklein.com\/en\/films\/view\/89\/yves-klein-realizing-fire-paintings\/\">here<\/a>.<\/p>\n\n\n\n<p><\/p>\n","protected":false},"excerpt":{"rendered":"<p>Link to Ema Dossier Index by Laura Hatry* It\u2019s not likely that Pablo Larra\u00edn could have imagined the extent to&#8230;<\/p>\n","protected":false},"author":18,"featured_media":2773,"comment_status":"open","ping_status":"open","sticky":false,"template":"","format":"standard","meta":{"jetpack_post_was_ever_published":false,"_jetpack_newsletter_access":"","_jetpack_dont_email_post_to_subs":false,"_jetpack_newsletter_tier_id":0,"_jetpack_memberships_contains_paywalled_content":false,"_jetpack_memberships_contains_paid_content":false,"footnotes":"","jetpack_publicize_message":"","jetpack_publicize_feature_enabled":true,"jetpack_social_post_already_shared":true,"jetpack_social_options":{"image_generator_settings":{"template":"highway","default_image_id":0,"font":"","enabled":false},"version":2}},"categories":[2],"tags":[348,359,350,361,360],"class_list":["post-2771","post","type-post","status-publish","format-standard","has-post-thumbnail","hentry","category-film","tag-ema","tag-estallido-social","tag-pablo-larrain","tag-rabia","tag-un-violador-en-tu-camino"],"jetpack_publicize_connections":[],"jetpack_featured_media_url":"https:\/\/reframe.sussex.ac.uk\/mediatico\/files\/2020\/10\/Hatry-Figure-2.png","jetpack_shortlink":"https:\/\/wp.me\/p49QSj-IH","jetpack_sharing_enabled":true,"_links":{"self":[{"href":"https:\/\/reframe.sussex.ac.uk\/mediatico\/wp-json\/wp\/v2\/posts\/2771","targetHints":{"allow":["GET"]}}],"collection":[{"href":"https:\/\/reframe.sussex.ac.uk\/mediatico\/wp-json\/wp\/v2\/posts"}],"about":[{"href":"https:\/\/reframe.sussex.ac.uk\/mediatico\/wp-json\/wp\/v2\/types\/post"}],"author":[{"embeddable":true,"href":"https:\/\/reframe.sussex.ac.uk\/mediatico\/wp-json\/wp\/v2\/users\/18"}],"replies":[{"embeddable":true,"href":"https:\/\/reframe.sussex.ac.uk\/mediatico\/wp-json\/wp\/v2\/comments?post=2771"}],"version-history":[{"count":6,"href":"https:\/\/reframe.sussex.ac.uk\/mediatico\/wp-json\/wp\/v2\/posts\/2771\/revisions"}],"predecessor-version":[{"id":2824,"href":"https:\/\/reframe.sussex.ac.uk\/mediatico\/wp-json\/wp\/v2\/posts\/2771\/revisions\/2824"}],"wp:featuredmedia":[{"embeddable":true,"href":"https:\/\/reframe.sussex.ac.uk\/mediatico\/wp-json\/wp\/v2\/media\/2773"}],"wp:attachment":[{"href":"https:\/\/reframe.sussex.ac.uk\/mediatico\/wp-json\/wp\/v2\/media?parent=2771"}],"wp:term":[{"taxonomy":"category","embeddable":true,"href":"https:\/\/reframe.sussex.ac.uk\/mediatico\/wp-json\/wp\/v2\/categories?post=2771"},{"taxonomy":"post_tag","embeddable":true,"href":"https:\/\/reframe.sussex.ac.uk\/mediatico\/wp-json\/wp\/v2\/tags?post=2771"}],"curies":[{"name":"wp","href":"https:\/\/api.w.org\/{rel}","templated":true}]}}