{"id":1511,"date":"2016-08-01T11:22:55","date_gmt":"2016-08-01T11:22:55","guid":{"rendered":"http:\/\/reframe.sussex.ac.uk\/mediatico\/?p=1511"},"modified":"2016-08-01T11:22:55","modified_gmt":"2016-08-01T11:22:55","slug":"las-elegidas-the-chosen-ones-david-pablos-mexico-and-france-2015","status":"publish","type":"post","link":"https:\/\/reframe.sussex.ac.uk\/mediatico\/2016\/08\/01\/las-elegidas-the-chosen-ones-david-pablos-mexico-and-france-2015\/","title":{"rendered":"Las elegidas (The Chosen Ones, David Pablos, Mexico and France, 2015)"},"content":{"rendered":"<p><em>Today, Mediatico is delighted to present an entry by regular contributor, Olivia Cosentino, \u00a0a Ph.D. student in Latin American Literatures and Cultures at The Ohio State University. She is interested in the intersections of gender and modernity in post-Epoca de Oro Mexican film as well as contemporary Mexican cinema.\u00a0<\/em><\/p>\n<p>by Olivia Cosentino<\/p>\n<p>David Pablos\u2019 second feature film, <em>Las elegidas<\/em>, recently swept the top prizes at Mexico\u2019s Ariel awards on May 28 \u2013 Best Picture, Director, Breakthrough Performance (for Nancy Talamantes who plays Sofia), Cinematography and Original Screenplay. After making its rounds on the festival circuit in 2015, including screening in the Un Certain Regard category at Cannes, <em>Las elegidas <\/em>was released theatrically in Mexico and France in 2016. Netflix acquired the film \u2013 likely due to the cultural capital and connections of its production company CANANA, brainchild of Gael Garc\u00eda Bernal and Diego Luna \u2013 and it became available in the U.S. on May 8. (I note it is also currently available via Netflix in the UK and Ireland.) Many Mexican films these days die off in the exhibition and distribution stages without ever being seen by Mexican, let alone global, audiences. <em>Las elegidas, <\/em>in this regard, is lucky. Pablos\u2019 first film, <em>La vida despu\u00e9s <\/em>(<em>The Life After<\/em>, 2013), never received a commercial release, nor a DVD release and only became available to stream on the \u201cpay-per-view\u201d <a href=\"https:\/\/www.youtube.com\/watch?v=KUzt_lgmKM8\">YouTube channel Flix Latino<\/a> in January 2016.<\/p>\n<p>Aesthetically pleasurable (but often gut wrenching) with mindful shot composition and framing and an observational camera that is at times reminiscent of <em>Despu\u00e9s de Luc\u00eda <\/em>(Michel Franco, 2012), <em>Las elegidas <\/em>is a beautifully made film for which\u00a0cinematographer Carolina Costa deserves high praise. Beyond the visuals, <em>Las elegidas <\/em>has fantastic performances from a handful of newcomers: the aforementioned Talamantes carries the film with her performance as Sofia, the vivacious 14-year-old who turns hollow ghost after she is forced into a prostitution ring run by the family of her boyfriend Ulises (\u00d3scar Torres). Leidi Guti\u00e9rrez as Marta \u2013 the second girl Ulises lures into the ring in order to free Sofia \u2013 is understated, yet captivating. Rounding out the youthful trio is Ulises himself. A quiet presence throughout the film, Torres\u2019 brilliantly expressive eyes contrast his taciturn demeanor and communicate his overwhelming guilt.<\/p>\n<p><img loading=\"lazy\" decoding=\"async\" class=\"aligncenter size-medium wp-image-1516\" src=\"http:\/\/reframe.sussex.ac.uk\/mediatico\/files\/2016\/06\/FRAMING20las20elegidas-300x169.jpg\" alt=\"FRAMING%20las%20elegidas\" width=\"300\" height=\"169\" srcset=\"https:\/\/reframe.sussex.ac.uk\/mediatico\/files\/2016\/06\/FRAMING20las20elegidas-300x169.jpg 300w, https:\/\/reframe.sussex.ac.uk\/mediatico\/files\/2016\/06\/FRAMING20las20elegidas-768x434.jpg 768w, https:\/\/reframe.sussex.ac.uk\/mediatico\/files\/2016\/06\/FRAMING20las20elegidas-1024x579.jpg 1024w\" sizes=\"auto, (max-width: 300px) 100vw, 300px\" \/><\/p>\n<p style=\"text-align: center\">Costa\u2019s incredible shot composition further traps Sofia in this world of sex slavery.<\/p>\n<p><em>Las elegidas <\/em>has caused some heated debate within Mexico. A few months ago, Lydia Cacho published <a href=\"http:\/\/www.cimacnoticias.com.mx\/node\/72187\">a scathing criticism<\/a> entitled \u201cLas Elegidas y el cine fallido\u201d on Cimacnoticias. Cacho is a well-known journalist and feminist who wrote <em>Esclavas del poder <\/em>(Grijalbo, 2010), a non-fiction investigation into the world of female sex trafficking that centers on interviews with survivors. In the article, she declares <em>Las elegidas <\/em>a mediocre, unfinished film with shallow characters. Cacho sees the film as a failure due to a slew of untouched issues: the psychology of machismo, the mechanisms of power at work, and the cross-class vulnerability of girls. Cacho\u2019s critique then points to the structural complicity. She poignantly writes, \u201cEstos creadores no se atreven a explorar su propia mirada frente al sexismo para complejizar su obra y tal vez por eso terminan flotando en la superficie, all\u00ed mismo dejan a sus audiencias y lectores, llenos de rabia y sin entender o conocer nada nuevo. El peligro del cine de denuncia fallido es que cae en la apolog\u00eda de aquello que pretende denunciar. Una l\u00e1stima. \/ These creators [ie. director David Pablos and Pablo Cruz, who Cacho claims truly runs CANANA] do not dare to explore the question of their own gaze vis-\u00e0-vis sexism to render their work more complex, and perhaps that is why they end up floating on the surface, the same place where they leave their audiences and viewers, full of rage and without having understood or learned anything new. The danger of failed social criticism films is that it ends up apologizing and defending that which it pretends to critique. A shame.\u201d<\/p>\n<p>Prior to reading Cacho\u2019s article, I was fully on-board with J.J. Flores Hern\u00e1ndez, who had <a href=\"http:\/\/correcamara.com.mx\/inicio\/int.php?mod=noticias_detalle&amp;id_noticia=6254\">responded to Cacho in <em>Corre<\/em> <em>Camara<\/em><\/a> in defense of <em>Las elegidas<\/em>, which Pablos had then retweeted on Twitter. Flores Hern\u00e1ndez gestures to Jorge Volpi\u2019s novel <em>Las elegidas <\/em>(the basis for Pablos\u2019 script) as well as <a href=\"https:\/\/www.youtube.com\/watch?v=M82v9in4P24\">Amat Escalante\u2019s short film <em>Esclava<\/em><\/a> (<em>Slave<\/em>, 2014) as additional examples of cultural production about underage sex slavery that do not go beyond the confines of that artistic medium to denounce it. In Flores Hern\u00e1ndez\u2019s opinion (and I assume Pablos would agree), \u201cni Pablos ni Escalante ni Volpi quieren explicar, la intenci\u00f3n es mostrar, provocar curiosidad (period\u00edstica, antropol\u00f3gica, detectivesca, lectora).\u201d For Cacho, though, collapsing the social criticism film to a singular instance of sex trafficking, and then glossing over the psychology of those who perpetuate and participate in the sex trade (the <em>tratantes<\/em> and the <em>participantes<\/em>) misses both the \u201cheart\u201d of the issue and the magnitude of the problem.<\/p>\n<p>This debate affected my initial impressions of the film and made me start asking larger questions. As a social criticism film, what does <em>Las elegidas <\/em>accomplish? What is its real function in the real world where this practice is really happening? What makes a social criticism film a failure (or a success)?<\/p>\n<p>Ultimately, Las<em> elegidas <\/em>is not a failure. While I agree that the film\u2019s narrative fell into superficial clich\u00e9s, the cinematography and sound design (along with superb acting) carry the moral thrust at work here by creating something that is beyond representation or reproduction, but rather a sensorial experience that hits on a visceral, personal, internal, and intimate level. <em>Las elegidas <\/em>constantly juxtaposes the human body alongside\u00a0filthy, paint-peeled walls that envelop the characters. Everyone is confined. There is no escape from this world. Costa takes advantage of the split screen technique to contrast free and trapped women as well as Ulises\u2019 predatory hunt for a new girl. This juxtaposition demonstrates the delicacy of the division between free and trapped and emphasizes the vulnerability of women\u00a0 subsumed into the sex trade by people they trust and even love.<\/p>\n<p>&nbsp;<\/p>\n<p><img loading=\"lazy\" decoding=\"async\" class=\"aligncenter size-medium wp-image-1515\" src=\"http:\/\/reframe.sussex.ac.uk\/mediatico\/files\/2016\/06\/Walls20-20Sofia-300x161.jpg\" alt=\"Walls%20-%20Sofia\" width=\"300\" height=\"161\" srcset=\"https:\/\/reframe.sussex.ac.uk\/mediatico\/files\/2016\/06\/Walls20-20Sofia-300x161.jpg 300w, https:\/\/reframe.sussex.ac.uk\/mediatico\/files\/2016\/06\/Walls20-20Sofia-768x412.jpg 768w, https:\/\/reframe.sussex.ac.uk\/mediatico\/files\/2016\/06\/Walls20-20Sofia-1024x550.jpg 1024w\" sizes=\"auto, (max-width: 300px) 100vw, 300px\" \/><\/p>\n<p style=\"text-align: center\">Sofia, overtaken by the dirty walls, trapped in her world.<\/p>\n<p>&nbsp;<\/p>\n<p><img loading=\"lazy\" decoding=\"async\" class=\"aligncenter size-medium wp-image-1517\" src=\"http:\/\/reframe.sussex.ac.uk\/mediatico\/files\/2016\/06\/Split20screen20Las20elegidas-300x162.jpg\" alt=\"Split%20screen%20Las%20elegidas\" width=\"300\" height=\"162\" srcset=\"https:\/\/reframe.sussex.ac.uk\/mediatico\/files\/2016\/06\/Split20screen20Las20elegidas-300x162.jpg 300w, https:\/\/reframe.sussex.ac.uk\/mediatico\/files\/2016\/06\/Split20screen20Las20elegidas-768x416.jpg 768w, https:\/\/reframe.sussex.ac.uk\/mediatico\/files\/2016\/06\/Split20screen20Las20elegidas-1024x554.jpg 1024w\" sizes=\"auto, (max-width: 300px) 100vw, 300px\" \/><\/p>\n<p style=\"text-align: center\">Free women (above) and enslaved women (below) on the split screen emphasizes their parallel vulnerability.<\/p>\n<p>The sounds in <em>Las elegidas <\/em>are truly sickening. We often do not see violence, but sound designer Alejandro de Icaza communicates its occurrence through asynchronous sound, which is perhaps even more jarring and memorable. The disembodied screams. The sexual skin meeting skin until (we find out later) Sofia bleeds. The beatings. We hear Ulises\u2019 mother brutally hitting another prostitute who kept too much of her earnings, but we see Sofia\u2019s blank (non-)reaction. We watch Ulises\u2019 face as he pummels Marta into submission and hear the thuds of his fist contacting with her body drowning out her cries for mercy. Prior to turning Marta over to his family\u2019s business, Ulises vomits violently, a sound that betrays\u00a0his lack of compliance with the situation. His body expresses his disgust, his culpability, his shame. The gagging, choking and slapping that Sofia experiences during the rapes. Pablos handles these scenes in likely the &#8220;best&#8221; way possible: we are given a medium close up of Sofia\u2019s resilient face, crosscut with the faces of her rapists as the background fills with asynchronous sounds of undeniably non-consensual sex. These close-ups force the audience to identify directly with Sofia \u2013 another ethical push by Pablos \u2013 and gracefully avoid showing underage rape onscreen, as Talamantes is actually 14. With the exception of Sofia\u2019s penetrating stare, the sounds more than the visuals imprinted into my experience of the film and are what I continue to think about post-viewing.<\/p>\n<p><img loading=\"lazy\" decoding=\"async\" class=\"aligncenter size-medium wp-image-1518\" src=\"http:\/\/reframe.sussex.ac.uk\/mediatico\/files\/2016\/06\/Sofia20during20rapes-300x168.jpg\" alt=\"Sofia%20during%20rapes\" width=\"300\" height=\"168\" srcset=\"https:\/\/reframe.sussex.ac.uk\/mediatico\/files\/2016\/06\/Sofia20during20rapes-300x168.jpg 300w, https:\/\/reframe.sussex.ac.uk\/mediatico\/files\/2016\/06\/Sofia20during20rapes-768x430.jpg 768w, https:\/\/reframe.sussex.ac.uk\/mediatico\/files\/2016\/06\/Sofia20during20rapes-1024x573.jpg 1024w\" sizes=\"auto, (max-width: 300px) 100vw, 300px\" \/><\/p>\n<p style=\"text-align: center\">Sofia\u2019s gaze during the rape scenes.<\/p>\n<p>One of the implicit themes of the film is ubiquitous complicity. The police who turn a blind eye, the townspeople who know what is going on in the hotel and watch the girls to make sure they do not escape, all of the members of Ulises\u2019 family, especially the wives who initially offer sympathy to Sofia but are actually the true facilitators of the practice. I believe this extends outside of the diegetic film; as Cacho suggested, the film points to the complicity of its producers as well as those who are consuming it, the audience. <em>Las elegidas <\/em>seems to suggest that our complicity is part of the structure of society that permits the continuance of sex slavery.<\/p>\n<p>The harrowing duration coupled with implied societal complicity leads to what I view as a more complex, nuanced condemnation of sex-slavery that reaches a visceral level. Pablos forces us to bear witness, to come face to face with underage sex trafficking (and with our complicity) for 105 minutes and for that reason, <em>Las elegidas <\/em>is more difficult to watch than Escalante\u2019s 13 minute <em>Esclava<\/em>. Maybe this is cultural production\u2019s active answer to passive complicity.<\/p>\n<p>Cacho\u2019s critique of <em>Las elegidas<\/em> as failed social criticism cinema continues to challenge me and raises the question: what is the intention of addressing systemic failures and violence through fictional narrative forms? Is the endgame awareness or action (or perhaps a third option)? If this is a question of awareness, then the mere fact that Netflix picked up <em>Las elegidas <\/em>indicates a step in the direction of wider visibility. If this is really about action, then I think we all \u2013 scholars, critics, filmmakers \u2013 need to reflect more deeply upon the possibilities\u00a0 and limitations of narrative\u2019s interventions in and depictions of social problems.<\/p>\n<p>One thing is for certain: <em>Las elegidas <\/em>has prompted some productive conversations about the function of social criticism narratives at a time when Mexican cultural producers continue to draw from horrific social realities.<\/p>\n","protected":false},"excerpt":{"rendered":"<p>Today, Mediatico is delighted to present an entry by regular contributor, Olivia Cosentino, \u00a0a Ph.D. student in Latin American Literatures&#8230;<\/p>\n","protected":false},"author":18,"featured_media":1514,"comment_status":"open","ping_status":"open","sticky":false,"template":"","format":"standard","meta":{"jetpack_post_was_ever_published":false,"_jetpack_newsletter_access":"","_jetpack_dont_email_post_to_subs":false,"_jetpack_newsletter_tier_id":0,"_jetpack_memberships_contains_paywalled_content":false,"_jetpack_memberships_contains_paid_content":false,"footnotes":"","jetpack_publicize_message":"","jetpack_publicize_feature_enabled":true,"jetpack_social_post_already_shared":true,"jetpack_social_options":{"image_generator_settings":{"template":"highway","default_image_id":0,"font":"","enabled":false},"version":2}},"categories":[2,1],"tags":[170,149,145],"class_list":["post-1511","post","type-post","status-publish","format-standard","has-post-thumbnail","hentry","category-film","category-uncategorized","tag-las-elejidas","tag-mexican-cinema","tag-olivia-cosentino"],"jetpack_publicize_connections":[],"jetpack_featured_media_url":"https:\/\/reframe.sussex.ac.uk\/mediatico\/files\/2016\/06\/Las20Elegidas20-20marketing20image.jpg","jetpack_shortlink":"https:\/\/wp.me\/p49QSj-on","jetpack_sharing_enabled":true,"_links":{"self":[{"href":"https:\/\/reframe.sussex.ac.uk\/mediatico\/wp-json\/wp\/v2\/posts\/1511","targetHints":{"allow":["GET"]}}],"collection":[{"href":"https:\/\/reframe.sussex.ac.uk\/mediatico\/wp-json\/wp\/v2\/posts"}],"about":[{"href":"https:\/\/reframe.sussex.ac.uk\/mediatico\/wp-json\/wp\/v2\/types\/post"}],"author":[{"embeddable":true,"href":"https:\/\/reframe.sussex.ac.uk\/mediatico\/wp-json\/wp\/v2\/users\/18"}],"replies":[{"embeddable":true,"href":"https:\/\/reframe.sussex.ac.uk\/mediatico\/wp-json\/wp\/v2\/comments?post=1511"}],"version-history":[{"count":13,"href":"https:\/\/reframe.sussex.ac.uk\/mediatico\/wp-json\/wp\/v2\/posts\/1511\/revisions"}],"predecessor-version":[{"id":1548,"href":"https:\/\/reframe.sussex.ac.uk\/mediatico\/wp-json\/wp\/v2\/posts\/1511\/revisions\/1548"}],"wp:featuredmedia":[{"embeddable":true,"href":"https:\/\/reframe.sussex.ac.uk\/mediatico\/wp-json\/wp\/v2\/media\/1514"}],"wp:attachment":[{"href":"https:\/\/reframe.sussex.ac.uk\/mediatico\/wp-json\/wp\/v2\/media?parent=1511"}],"wp:term":[{"taxonomy":"category","embeddable":true,"href":"https:\/\/reframe.sussex.ac.uk\/mediatico\/wp-json\/wp\/v2\/categories?post=1511"},{"taxonomy":"post_tag","embeddable":true,"href":"https:\/\/reframe.sussex.ac.uk\/mediatico\/wp-json\/wp\/v2\/tags?post=1511"}],"curies":[{"name":"wp","href":"https:\/\/api.w.org\/{rel}","templated":true}]}}