{"id":1246,"date":"2015-10-09T08:34:02","date_gmt":"2015-10-09T08:34:02","guid":{"rendered":"http:\/\/reframe.sussex.ac.uk\/mediatico\/?p=1246"},"modified":"2015-10-09T11:58:15","modified_gmt":"2015-10-09T11:58:15","slug":"whose-film-is-it-anyway","status":"publish","type":"post","link":"https:\/\/reframe.sussex.ac.uk\/mediatico\/2015\/10\/09\/whose-film-is-it-anyway\/","title":{"rendered":"Whose Film is it Anyway?"},"content":{"rendered":"<p><em>This week at Medi\u00e1tico, regular contributor and contributing editor\u00a0<a href=\"http:\/\/www.birmingham.ac.uk\/staff\/profiles\/fcw\/stone-rob.aspx\">Rob Stone<\/a>, co-author (with Maria Pilar Rodr\u00edguez) of\u00a0<\/em><a href=\"http:\/\/www.ibtauris.com\/Books\/The%20arts\/Film%20TV%20%20radio\/Films%20cinema\/Film%20theory%20%20criticism\/Basque%20Cinema%20A%20Cultural%20and%20Political%20History.aspx?menuitem=%7B1E8BB86C-2C2C-4769-A440-E6D2CA51E0D6%7D\">Basque Cinema: A Cultural and Political History<\/a>\u00a0(I.B. Tauris 2015) <em>and\u00a0<\/em><a href=\"http:\/\/www.donostiakultura.com\/index.php?option=com_flexicontent&amp;view=items&amp;cid=33&amp;id=35137&amp;Itemid=214&amp;lang=es\">Cine Vasco: Una historia political y cultural\u00a0<\/a><em>considers the ramifications of\u00a0the Spanish Film Academy&#8217;s choice of a Basque-Language film &#8211;\u00a0<\/em>Loreak (Flowers<em>\u00a0Jon Gara\u00f1o &amp; Jose Mari Goenaga, 2014) to represent Spain in the Best Foreign Language Film category at the 88th Academy Awards. See some of Prof. Stone&#8217;s other posts\/video essays, <a href=\"http:\/\/reframe.sussex.ac.uk\/mediatico\/2014\/07\/14\/letter-from-san-sebastian-basque-cinema-three-generations-of-filmmakers\/\">here<\/a> and <a href=\"http:\/\/reframe.sussex.ac.uk\/mediatico\/wp-admin\/post.php?post=419&amp;action=edit\">here<\/a>.<\/em><\/p>\n<p><a href=\"http:\/\/reframe.sussex.ac.uk\/mediatico\/files\/2015\/10\/basque-cinema.jpg\"><img loading=\"lazy\" decoding=\"async\" class=\"aligncenter size-full wp-image-1264\" src=\"http:\/\/reframe.sussex.ac.uk\/mediatico\/files\/2015\/10\/basque-cinema.jpg\" alt=\"basque cinema\" width=\"190\" height=\"265\" \/><\/a><\/p>\n<p><iframe loading=\"lazy\" title=\"Loreak - Trailer VOSE\" src=\"https:\/\/player.vimeo.com\/video\/104529885?dnt=1&amp;app_id=122963\" width=\"470\" height=\"264\" frameborder=\"0\" allow=\"autoplay; fullscreen; picture-in-picture; clipboard-write\"><\/iframe><\/p>\n<p>The announcement that a Basque Basque-Language film has been selected by the Spanish Film Academy to represent Spain in the Best Foreign Language Film category at the 88th Academy Awards is not so much a cause for innocuous pride as it is a grenade lobbed into weary definitions of national cinemas. Following the narrow majority won by Separatists in Catalonia in the recent regional parliamentary elections, which many have read as a vote for secession from Spain, this latest self-inflicted wound on the idea of a national Spanish anything is based not upon a partisan film about ETA or a <em>v<\/em><em>\u00f6lkisch <\/em>pastoral epic or an <em>ikurrina<\/em>-waving war film but on a still, quiet, intimate picture about flowers and the way people use them to arrange their lives.<\/p>\n<p><em>Loreak<\/em> (Flowers, Jon Gara\u00f1o &amp; Jose Mari Goenaga, 2014) is Basque in its language, cast, setting and sentiment. Like the directing team\u2019s previous feature, the delicate and deeply affecting <em>80 egunean<\/em> (For 80 Days, 2010), what is explored within is emotional repression and the contrast of expressive release. Freedom to feel, in other words, is the point of both films, whose maturity, formalism and great subtlety unveil an intra-history of ordinary Basques. For Chris Perriam, <em>80 egunean <\/em><em>\u2018<\/em>is a \u2018powerful vignette [that] points starkly to the muting effect on emotional intelligence of conventional heterosexual partnerships gone stale\u2019 (2013: 61)<em>. <\/em>This emphasis on secret loves as the key to hidden lives is also crucial to <em>Loreak<\/em>, which looks at the tangled language of flowers left by lovers and mourners. As such, it is a fragile film to withstand the debate that will probably accompany its nomination, let alone the conflagration that may ignite should it win.<\/p>\n<p>Is <em>Loreak<\/em> a Basque film and can a Basque film &#8211; especially a Basque-language one &#8211; also be Spanish? Can a high-profile film of indubitably Basque identity such as this be contained within the ideas and limitations of a Spanish national cinema? Or is the recognition due to Basque cinema liable to re-calibrate the history of Spanish cinema too, dressing the films directed by V\u00edctor Erice in Basque colours, for example? Nominations such as these ultimately mean little, perhaps, and there is no guarantee that the American Film Academy will pay them much attention. At the time of writing, <em>Loreak<\/em> has no American distributor and foreign rights are still available from Film Factory Entertainment. Unless a major distributor such as Sony picks it up, it is unlikely to play beyond festivals. This recognition of the superior filmmaking talent of Gara\u00f1o and Goenaga apart, however, there is cause for celebration, amusement and concern at this nomination. Such a knotted response is a symptom of the reconfiguration of purportedly \u2018national\u2019 cinemas that has been happening in the transnational film industry for which awards ceremonies serve as shop windows. Is <em>Loreak<\/em> too local to be national &#8211; too Basque to be Spanish &#8211; or does its regionality\/nationality (delete if you dare) actually serve to override politicised geographical considerations and make it universal instead?<\/p>\n<p>In a forthcoming jointly-authored article in the <em>Bulletin of Hispanic Studies<\/em>, Mar\u00eda Pilar Rodr\u00edguez and I wondered about:<\/p>\n<blockquote><p>This combination of regionalism with universalism [as] a powerful means of identity and association with other cinemas of \u2018small\u2019 nations at a time of declining national identities, which returns pressure on home governments and local communities to become more relevant and possibly even antagonistic towards each other. In Spain, where one might make the case for Basque and Catalan cinema and hear that of Galician and even Andalusian cinema too, the notion of \u2018Spanish\u2019 cinema does not elide internal tensions, as when the selection of the Catalan language <em>Pa negre<\/em> (Black Bread, Agust\u00ed Villaronga, 2010) by the Spanish Film Academy for consideration by the American Film Academy in the category of the award for Best Foreign Language Film prompted debate over the nationality of a film that was only diffused by its final lack of nomination. One awaits the first Oscar nomination for a Basque film with interest.<\/p><\/blockquote>\n<p>Now that time has arrived we find ourselves wondering whose film this is and worrying about whether such a delicate film can stand the pressure. In <em>Basque Cinema: A Cultural and Political History<\/em> (2015) and its Spanish-language version <em>Cine Vasco: Una historia pol<\/em><em>\u00edtica y cultural<\/em> (2015), Pilar and I have already discussed the pre-nomination <em>Loreak<\/em> and posited that it is emblematic of a new sentiment of openness in Basque cinema that is symbolised by the endeavour of its directors and their production company Moriarti Produkzioak. In a concluding chapter on the future of Basque cinema that includes our interview with Goenaga, we can even claim some prescience in our recognition of the value and innovation of his co-directed film:<\/p>\n<p>Visually accomplished but sparse of dialogue, <em>Loreak<\/em> married minimalism to marketing savvy and duly attracted the approbation of critics and audiences and the interest of foreign festivals. In interview with the authors, Goenaga reflected upon the evolution of Moriarti Produkzioak and described a progressive sense of the collective finding its own way and place in the landscape of contemporary Basque audiovisual production. He perceives \u201ca humane and candid approach to the lives of their protagonists, whether they are real or fictional\u201d in the works of the group and a recurring positioning in defence of human rights. As an example and purveyor of the Basque cinema of\u00a0sentiment, Moriarti Produkzioak is exemplary. Although located in the Basque\u00a0Country, its members are highly mobile in terms of filming in other regions and\u00a0countries. They develop a great number of works in Euskara but do not hesitate to\u00a0write and produce in other languages. Pressed to define this new breed of cinema,\u00a0Goenaga acknowledged that it resembles present-day society, which he described\u00a0as <em>variopinta<\/em> (diverse), therefore demanding that Basque cinema should be equally\u00a0mixed and diverse:<\/p>\n<blockquote><p>The aim of Basque cinema should be to provide the testimony of our times, and it should be open to embrace different stories. There is room in Basque cinema for people born outside who are here. There is also room for people born here who are now outside. There is room for stories told by people from here who are here, for stories about here told by people from outside, and for stories from the outside told by people from here.\u201d (2015: 188)<\/p><\/blockquote>\n<p>All these people on the move telling stories about themselves and each other extends far beyond the Basque Country and Spain to suggest and even recognise a vibrancy in contemporary filmmaking and World Cinema that is keeping pace with migrancy, the growth of diasporic communities and cultures, the displacement of refugees and the novelty of our newly-arrived neighbours. Indeed, this nomination for <em>Loreak<\/em> is not the only square peg in the round hole of a nomination for a foreign-language Oscar. This same year the culturally Turkish film <em>Mustang<\/em> (Deniz Gamze Erg\u00fcvens, 2015) is the French entry and Ireland has put forward <em>Viva <\/em>(Paddy Breathnach, 2015), a Spanish-language film set in Cuba. Does the nationality name-tag matter? Are bemusement and confusion necessary steps on the path to enlightenment or will reactionary responses interrupt any celebrations to dispute ownership? In the huge, glorious mess that is contemporary World Cinema, can\u2019t we all just get along?<\/p>\n<p><a href=\"http:\/\/reframe.sussex.ac.uk\/mediatico\/files\/2015\/10\/viva_image-1243x662-600x300.jpg\"><img loading=\"lazy\" decoding=\"async\" class=\"aligncenter size-medium wp-image-1254\" src=\"http:\/\/reframe.sussex.ac.uk\/mediatico\/files\/2015\/10\/viva_image-1243x662-600x300-300x150.jpg\" alt=\"viva_image-1243x662-600x300\" width=\"300\" height=\"150\" srcset=\"https:\/\/reframe.sussex.ac.uk\/mediatico\/files\/2015\/10\/viva_image-1243x662-600x300-300x150.jpg 300w, https:\/\/reframe.sussex.ac.uk\/mediatico\/files\/2015\/10\/viva_image-1243x662-600x300.jpg 600w\" sizes=\"auto, (max-width: 300px) 100vw, 300px\" \/><\/a><\/p>\n<p style=\"text-align: center\"><em>Viva\u00a0<\/em>(Paddy Breathnach, 2015)<\/p>\n<p>Despite any possible backlash and the binning of so many neatly demarcated histories and definitions of national cinemas, there are ample reasons to celebrate the nomination of <em>Loreak<\/em>. For one thing it is a very fine film, which may be overlooked in the debates over its belonging. For another, and for what it is worth, it brings Basque cinema to the attention of critics and audiences. It also problematically demands that outdated notions of Spanish <em>and<\/em> Basque cinema be discarded and that fresh eyes view fresh films. If it wins, it will prompt a tug-of-war over a golden statuette that might see Basque filmmakers line up and grab the rope of new ideas about the potential of Basque cinema. And finally, at least, <em>Loreak<\/em> along with <em>Mustang, Viva<\/em> and whatever else gets read out on the night will have managed the impossible task of making the Oscars relevant again.<\/p>\n<p>With thanks to Mar\u00eda Pilar Rodr\u00edguez, Bel\u00e9n Vidal, Liz Greene and Dunja Fehimovi\u0107.<\/p>\n<p><strong>References<\/strong><\/p>\n<p>&nbsp;<\/p>\n<p>Chris Perriam (2013) <em>Spanish Queer Cinema<\/em>. Edinburgh University Press.<\/p>\n<p>Rob Stone &amp; Mar\u00eda Pilar Rodr\u00edguez (2015) <em>Basque Cinema: A Cultural and Political History<\/em>. IB Tauris.<\/p>\n<p>_________ (2015) <em>Cine vasco: una historia pol<\/em><em>\u00edtica y cultural<\/em>. Comunicaci\u00f3n Social.<\/p>\n<p>_________ (2015) \u2018Contemporary Basque Cinema: Online, Elsewhere and Otherwise Engaged\u2019, in <em>Bulletin of Hispanic Studies<\/em>. Forthcoming.<\/p>\n","protected":false},"excerpt":{"rendered":"<p>This week at Medi\u00e1tico, regular contributor and contributing editor\u00a0Rob Stone, co-author (with Maria Pilar Rodr\u00edguez) of\u00a0Basque Cinema: A Cultural and&#8230;<\/p>\n","protected":false},"author":18,"featured_media":1260,"comment_status":"open","ping_status":"open","sticky":false,"template":"","format":"standard","meta":{"jetpack_post_was_ever_published":false,"_jetpack_newsletter_access":"","_jetpack_dont_email_post_to_subs":false,"_jetpack_newsletter_tier_id":0,"_jetpack_memberships_contains_paywalled_content":false,"_jetpack_memberships_contains_paid_content":false,"footnotes":"","jetpack_publicize_message":"","jetpack_publicize_feature_enabled":true,"jetpack_social_post_already_shared":true,"jetpack_social_options":{"image_generator_settings":{"template":"highway","default_image_id":0,"font":"","enabled":false},"version":2}},"categories":[2],"tags":[153,154,109,132],"class_list":["post-1246","post","type-post","status-publish","format-standard","has-post-thumbnail","hentry","category-film","tag-basque-cinema","tag-film","tag-rob-stone","tag-spanish-cinema"],"jetpack_publicize_connections":[],"jetpack_featured_media_url":"https:\/\/reframe.sussex.ac.uk\/mediatico\/files\/2015\/10\/Screen-Shot-2015-10-09-at-10.38.45.png","jetpack_shortlink":"https:\/\/wp.me\/p49QSj-k6","jetpack_sharing_enabled":true,"_links":{"self":[{"href":"https:\/\/reframe.sussex.ac.uk\/mediatico\/wp-json\/wp\/v2\/posts\/1246","targetHints":{"allow":["GET"]}}],"collection":[{"href":"https:\/\/reframe.sussex.ac.uk\/mediatico\/wp-json\/wp\/v2\/posts"}],"about":[{"href":"https:\/\/reframe.sussex.ac.uk\/mediatico\/wp-json\/wp\/v2\/types\/post"}],"author":[{"embeddable":true,"href":"https:\/\/reframe.sussex.ac.uk\/mediatico\/wp-json\/wp\/v2\/users\/18"}],"replies":[{"embeddable":true,"href":"https:\/\/reframe.sussex.ac.uk\/mediatico\/wp-json\/wp\/v2\/comments?post=1246"}],"version-history":[{"count":14,"href":"https:\/\/reframe.sussex.ac.uk\/mediatico\/wp-json\/wp\/v2\/posts\/1246\/revisions"}],"predecessor-version":[{"id":1267,"href":"https:\/\/reframe.sussex.ac.uk\/mediatico\/wp-json\/wp\/v2\/posts\/1246\/revisions\/1267"}],"wp:featuredmedia":[{"embeddable":true,"href":"https:\/\/reframe.sussex.ac.uk\/mediatico\/wp-json\/wp\/v2\/media\/1260"}],"wp:attachment":[{"href":"https:\/\/reframe.sussex.ac.uk\/mediatico\/wp-json\/wp\/v2\/media?parent=1246"}],"wp:term":[{"taxonomy":"category","embeddable":true,"href":"https:\/\/reframe.sussex.ac.uk\/mediatico\/wp-json\/wp\/v2\/categories?post=1246"},{"taxonomy":"post_tag","embeddable":true,"href":"https:\/\/reframe.sussex.ac.uk\/mediatico\/wp-json\/wp\/v2\/tags?post=1246"}],"curies":[{"name":"wp","href":"https:\/\/api.w.org\/{rel}","templated":true}]}}