{"id":1109,"date":"2015-06-15T12:19:31","date_gmt":"2015-06-15T12:19:31","guid":{"rendered":"http:\/\/reframe.sussex.ac.uk\/mediatico\/?p=1109"},"modified":"2015-06-15T17:09:17","modified_gmt":"2015-06-15T17:09:17","slug":"belen-vidal-on-the-18th-malaga-spanish-film-festival","status":"publish","type":"post","link":"https:\/\/reframe.sussex.ac.uk\/mediatico\/2015\/06\/15\/belen-vidal-on-the-18th-malaga-spanish-film-festival\/","title":{"rendered":"Bel\u00e9n Vidal on the 18th M\u00c1LAGA SPANISH FILM FESTIVAL"},"content":{"rendered":"<p>Medi\u00e1tico<em> is very happy\u00a0to present <a href=\"http:\/\/reframe.sussex.ac.uk\/mediatico\/2014\/11\/03\/belen-vidal-on-the-international-san-sebastian-film-festival\/\" target=\"_blank\">another<\/a>, excellent, film festival report by <a href=\"http:\/\/www.kcl.ac.uk\/artshums\/depts\/filmstudies\/people\/acad\/vidal\/index.aspx\" target=\"_blank\">Bel\u00e9n Vidal<\/a>,\u00a0Senior Lecturer in Film Studies at King\u2019s College, London. Vidal is author of\u00a0<\/em><a href=\"http:\/\/www.oapen.org\/search?identifier=426536\" target=\"_blank\">Figuring the Past: Period Film and the Mannerist Aesthetic<\/a>\u00a0<em><em>(Amsterdam University Press, 2012) and\u00a0<\/em><\/em>Heritage Film: Nation, Genre and Representation<em><em>\u00a0(Wallflower Press\/Columbia University Press, 2012), and co-editor of\u00a0<\/em><\/em>The Biopic in Contemporary Film Culture<em><em>\u00a0(with Tom Brown, Routledge, 2014) and\u00a0<\/em><\/em>Cinema at the Periphery<em><em>\u00a0(with Dina Iordanova and David Martin-Jones, Wayne State University Press, 2010).<\/em><\/em><a href=\"http:\/\/reframe.sussex.ac.uk\/mediatico\/files\/2015\/06\/1-BVidal.jpg\"><br \/>\n<\/a> <a href=\"http:\/\/reframe.sussex.ac.uk\/mediatico\/files\/2015\/06\/5.jpg\"><br \/>\n<\/a><\/p>\n<p><strong>On 18 FESTIVAL DE MALAGA CINE ESPA\u00d1OL \/ 18th M\u00c1LAGA SPANISH FILM FESTIVAL (17-26 APRIL 2015)<\/strong><\/p>\n<p><strong>By Bel<\/strong><strong>\u00e9n Vidal<\/strong><\/p>\n<p>In an era of global viewing and cosmopolitan festivals, the M\u00e1laga Spanish Film Festival or, the <a href=\"https:\/\/festivaldemalaga.com\" target=\"_blank\"><em>Festival de M\u00e1laga de Cine Espa\u00f1ol <\/em>(FMCE) <\/a>stubbornly wears its local flavour and national stripes with pride. This ten-day festival offers a showcase for Spain-based production principally\u00a0addressed to the mainstream exhibition circuit and a cosy red-carpet experience cut to the measure of its local stars. The majority of the fifteen films in the official selection are already slated for domestic release throughout the late spring and summer. In the absence of an attached market, the FMCE lacks real impact in the industry calendar other than in terms of promotion of forthcoming releases. Nevertheless, this eminently popular festival enhances the cultural profile of one of the most visited tourist destinations in Southern Spain (M\u00e1laga advertises itself as the birthplace of Pablo Picasso, and hosts a pop-up Pompidou Centre since 2015). I landed in M\u00e1laga ready to get a first-hand taste of popular cinephilia.<\/p>\n<p><div id=\"attachment_1111\" style=\"width: 235px\" class=\"wp-caption aligncenter\"><a href=\"http:\/\/reframe.sussex.ac.uk\/mediatico\/files\/2015\/06\/1-BVidal.jpg\"><img loading=\"lazy\" decoding=\"async\" aria-describedby=\"caption-attachment-1111\" class=\"wp-image-1111 size-medium\" src=\"http:\/\/reframe.sussex.ac.uk\/mediatico\/files\/2015\/06\/1-BVidal-225x300.jpg\" alt=\"#1 BVidal\" width=\"225\" height=\"300\" srcset=\"https:\/\/reframe.sussex.ac.uk\/mediatico\/files\/2015\/06\/1-BVidal-225x300.jpg 225w, https:\/\/reframe.sussex.ac.uk\/mediatico\/files\/2015\/06\/1-BVidal.jpg 768w\" sizes=\"auto, (max-width: 225px) 100vw, 225px\" \/><\/a><p id=\"caption-attachment-1111\" class=\"wp-caption-text\">[IMAGE 1] The Festival\u2019s Box Office on Plaza de la Merced<\/p><\/div>The festival feels laidback and easy-going, with most of its two hundred screenings running in five local cinemas at the very centre of this small cathedral town with an extensive pedestrianised core. The FMCE\u2019s audience is made up of a mixture of Spanish journalists and film professionals, a small contingent of foreign visitors and an enthusiastic local population, with festival crowds spilling over to the local <em>tascas<\/em> and restaurants on the port area. As I did not attend the evening plush red-carpet premi\u00e8res I was spared the turmoil caused by teenage fans headhunting for selfies with the stars (although some of the most eager among them could be spotted on blankets and sleeping bags outside the Cervantes Film Theatre at the 9am press screenings). The presence of these occasionally riotous female teens (infamously nicknamed \u201cchonis\u201d <a href=\"http:\/\/cultura.elpais.com\/cultura\/2009\/04\/20\/actualidad\/1240178401_850215.html\" target=\"_blank\">[LINK]<\/a>) and their aggressive chasing after celebrities have become part of M\u00e1laga\u2019s identity. Their picture graces the banner of the FMCE website <a href=\"https:\/\/festivaldemalaga.com\" target=\"_blank\">[LINK]<\/a> and they are the primary target audience of some of the popular hits that have premiered at the festival over the years, such as the 2009 comedy <em>Fuga de cerebros\/Brain Drain <\/em>(which later spawned a sequel). The robust success of this<em> American Pie-<\/em>style film is an example what Paul Julian Smith has appropriately called \u201cthe Mario Casas effect\u201d after one of the male stars who best embodies the dependence of the film industry on home-grown television stardom. As Smith has claimed, this growing convergence between media through shared narrative formulas and cross-over creative talent is reanimating the connection between Spanish cinema and its domestic audience.<a href=\"#_edn1\" name=\"_ednref1\">[i]<\/a> To say there is a new-found love at work may be too bold an assumption, but M\u00e1laga certainly works hard at promoting the star factor of this youth-oriented cinema.<\/p>\n<dl id=\"attachment_1112\" class=\"wp-caption aligncenter\">\n<dt class=\"wp-caption-dt\"><div id=\"attachment_1112\" style=\"width: 310px\" class=\"wp-caption aligncenter\"><a href=\"http:\/\/reframe.sussex.ac.uk\/mediatico\/files\/2015\/06\/2-BVidal.jpg\"><img loading=\"lazy\" decoding=\"async\" aria-describedby=\"caption-attachment-1112\" class=\"wp-image-1112 size-medium\" src=\"http:\/\/reframe.sussex.ac.uk\/mediatico\/files\/2015\/06\/2-BVidal-300x225.jpg\" alt=\"#2 BVidal\" width=\"300\" height=\"225\" srcset=\"https:\/\/reframe.sussex.ac.uk\/mediatico\/files\/2015\/06\/2-BVidal-300x225.jpg 300w, https:\/\/reframe.sussex.ac.uk\/mediatico\/files\/2015\/06\/2-BVidal.jpg 1024w\" sizes=\"auto, (max-width: 300px) 100vw, 300px\" \/><\/a><p id=\"caption-attachment-1112\" class=\"wp-caption-text\">[IMAGE 2] Posters of the 18 M\u00e1laga Spanish Film Festival over the fa\u00e7ade of the Alb\u00e9niz Cinema.<\/p><\/div><\/dt>\n<\/dl>\n<p>This synergy is partly the product of the changing mediascape in which Spanish cinema is embedded. To a certain extent, M\u00e1laga panders to a corporate idea of Spanish cinema as pre-packaged content that fits in with the television channels\u2019 brand image alongside their in-house production of sitcoms, soaps, drama and celebrity shows. Indeed, films backed by the powerful media groups Canal + and Antena 3\/Atresmedia (which is also one of the festival\u2019s current sponsors) have become ubiquitous in the festival\u2019s programme\u2014films such as this year\u2019s closing gala <strong><em>S\u00f3lo qu\u00edmica <\/em><\/strong>(<em>Just Chemistry<\/em>) by Alfonso Albacete, which appropriately plays on a young woman\u2019s fascination with celebrity culture. Another example is Manuela Moreno\u2019s <strong><em>C\u00f3mo sobrevivir a una despedida <\/em><\/strong>(<em>How to Survive a Hen Weekend<\/em>), a <em>Bridesmaids-<\/em>style female friendship comedy of errors headed by Natalia de Molina (recent winner of a Goya for Best New Actress) about a group of \u201cgirlfriends\u201d (including their gay male best friend) who whisk the prototypical good girl in their group off to a madcap hen weekend in the Canary Islands. Underpinned by garish visuals, a \u201cbe yourself\u201d aspirational narrative, and a retro-touch of 1990s grrl power (complete with a Spice Girls impersonation number given seal of approval by the presence of Emma \u201cBaby Spice\u201d Bunton in a cameo role as an X-Factor style jury member) the film is telling of the way private television channels (Antena 3 in this case) envision cinema as a further platform through which to reach cross-generational audiences.<\/p>\n<dl id=\"attachment_1113\" class=\"wp-caption aligncenter\">\n<dt class=\"wp-caption-dt\"><div id=\"attachment_1113\" style=\"width: 222px\" class=\"wp-caption aligncenter\"><a href=\"http:\/\/reframe.sussex.ac.uk\/mediatico\/files\/2015\/06\/3.jpg\"><img loading=\"lazy\" decoding=\"async\" aria-describedby=\"caption-attachment-1113\" class=\"wp-image-1113 size-medium\" src=\"http:\/\/reframe.sussex.ac.uk\/mediatico\/files\/2015\/06\/3-212x300.jpg\" alt=\"#3\" width=\"212\" height=\"300\" srcset=\"https:\/\/reframe.sussex.ac.uk\/mediatico\/files\/2015\/06\/3-212x300.jpg 212w, https:\/\/reframe.sussex.ac.uk\/mediatico\/files\/2015\/06\/3.jpg 644w\" sizes=\"auto, (max-width: 212px) 100vw, 212px\" \/><\/a><p id=\"caption-attachment-1113\" class=\"wp-caption-text\">[IMAGE 3] Poster of C\u00f3mo sobrevivir a una despedida<\/p><\/div><\/dt>\n<\/dl>\n<p>If there\u2019s a strand of production that M\u00e1laga has become associated with it&#8217;s the social film and the middlebrow drama\u2014usually medium-budget films that join quality (focus on characters, a strong sense of locale) and accessibility (touching on sensitive themes in a non-confrontational manner). Unlike the genre hybrids discussed above, these films look and sound recognisably \u201cSpanish\u201d. Although films that document social reality have lost ground to the ever-growing budgets and overwhelming media presence of genre films, the times are ripe for new fictions that reflect on the experience of living in austerity Spain. I couldn\u2019t catch <strong><em>Techo y comida <\/em><\/strong>(<em>Bed and Board<\/em>) by first-time director Juan Miguel del Castillo; this film about the human crisis caused by evictions was recognised with the prize for best actress to the ubiquitous Natalia de Molina, who plays an unemployed single parent facing the loss of her lodgings<em>. <\/em>However, it was the festival\u2019s opener, <strong><em>Hablar <\/em><\/strong>(<em>To Talk<\/em>, directed by veteran Joaqu\u00edn Oristrell) that stood out as this year\u2019s state-of-the-nation film, but also as a rejoinder to the stylistic predictability of social cinema. Set on and around Lavapi\u00e9s Square (a Madrid landmark, and the centre of a low-rent neighbourhood with a diverse migrant population) <em>Hablar <\/em>is made of\u00a0an 80-minute single take. The continuous shot captures discrete stories strung together by the hand-held camera\u2019s fluid movement around the square in a hot August night. In the spirit of street theatre, each scene is an open-ended micro-play for one or two actors. The film originated in a series of acting workshops conducted by Oristrell and respected drama coach Cristina Rota between 2009 and 2011, but <em>Hablar <\/em>draws its emotional punch from the pressure arising from both dramatic content and cinematic form. The camera follows characters often in motion, who chat away incessantly, constructing self-protective fictions or exposing their private selves in the public space of the square. The urgency of the crises they give voice to (arising from loneliness, insecurity, addiction, long-term unemployment, exploitative employment, paranoia and or even sheer hunger) is highlighted by the relentlessness of the night shoot on a logistically tough location. The space of fiction created by the professional actors and the presence of the camera is palpably carved out of the noise-filled setting and its contingent human elements. Like another recent mosaic-like national allegory\u2014<em>Gente en sitios <\/em>(<em>People in Places<\/em>, Juan Cavestany 2013)\u2014this is an unpolished, necessarily uneven film yet there\u2019s a superbly enjoyable element of unpredictability to it. The street interactions yield some brilliant comedy moments as well as charged drama, which rub off the roughness at the edges. Embracing the theatricality of its premise, <em>Hablar <\/em>grafts into the textures of urban naturalism elements as disparate as rambling monologues about surveillance conspiracies, an argument over street posters of <em>Podemos<\/em> (perhaps the first explicit mention to the rising left-wing party in a Spanish fiction film) and even a bite-sized musical number that is a true showstopper: Antonio de la Torre\u2019s star appearance performing five minutes of a kind of flamenco-rap (freely based on a comic song by Pepe da Rosa) about the anxiety provoked by everyday queuing in banks. Both experimental and truly popular,\u00a0<em>Hablar\u00a0<\/em>has been described as \u201cSpain in a long take\u201d <a href=\"http:\/\/cultura.elpais.com\/cultura\/2014\/08\/27\/actualidad\/1409156138_467071.html\" target=\"_blank\">[LINK]<\/a> and its elevation of Lavapi\u00e9s into a microcosm of the social ills affecting the nation is not exactly subtle. However, what this perambulating, talkative movie best captures may not be a fully-formed portrait, but a healthy desire for collective self-representation as a form of resistance.<\/p>\n<dl id=\"attachment_1114\" class=\"wp-caption aligncenter\">\n<dt class=\"wp-caption-dt\"><div id=\"attachment_1114\" style=\"width: 310px\" class=\"wp-caption aligncenter\"><a href=\"http:\/\/reframe.sussex.ac.uk\/mediatico\/files\/2015\/06\/4.jpg\"><img loading=\"lazy\" decoding=\"async\" aria-describedby=\"caption-attachment-1114\" class=\"wp-image-1114 size-medium\" src=\"http:\/\/reframe.sussex.ac.uk\/mediatico\/files\/2015\/06\/4-300x162.jpg\" alt=\"#4\" width=\"300\" height=\"162\" srcset=\"https:\/\/reframe.sussex.ac.uk\/mediatico\/files\/2015\/06\/4-300x162.jpg 300w, https:\/\/reframe.sussex.ac.uk\/mediatico\/files\/2015\/06\/4.jpg 560w\" sizes=\"auto, (max-width: 300px) 100vw, 300px\" \/><\/a><p id=\"caption-attachment-1114\" class=\"wp-caption-text\">[IMAGE 4] Astrid Jones and Juan Diego Botto in Hablar<\/p><\/div><\/dt>\n<\/dl>\n<p>The official selection also included a number of co-productions with an explicit fit between financial arrangements and transnational themes at the level of setting and story. The global-debt thriller <strong><em>La Deuda<\/em><\/strong><em>\/<strong>Oliver\u2019s Deal<\/strong><\/em><strong>,<\/strong> by Lima-based director Barney Elliott was, for me, the most interesting of them, even if as a piece of cinema it falls short of\u00a0its political ambitions. The film focuses on the profit-seeking operations of American hedge fund bankers speculating with the historical debt contracted by the Peruvian government with landowners, and their impact on the lives of individuals. Peruvian mountain farmer Florentino (an impressive Amiel Cayo) tries to retain the land that provides a livelihood for him and his family; Mar\u00eda (played by Elsa Olivero, who won the prize for best supporting actress for her tense performance) is a Lima nurse struggling with the consequences of the cuts to basic services implemented by the government as a result of the pressure exerted by the banks. A great deal of story time however focuses on ambitious broker Oliver (Stephen Dorff) and, secondarily, on his best friend Ricardo (Alberto Ammann, looking not entirely plausible in the part of a high-flying New York broker of humble Peruvian origins). Therefore the otherwise compelling three-stranded narrative ends up focusing on the first-world white male protagonist&#8217;s journey, and his eventual awakening to the reality of shattered lives caused by the extortionate practices he upholds. Nevertheless, this Peru\/Spain\/USA co-production finds a good balance between production context, local knowledge (the film is shot in English, Spanish and Quechua, which gives it an extra dose of authenticity) and an absorbing, if compromised, thriller narrative. <em>La Deuda <\/em>feels somewhat derivative from the more ambitious <em>Babel<\/em> (Alejandro Gonz\u00e1lez I\u00f1\u00e1rritu, 2006) but this is nevertheless a well-made genre film with its political heart firmly in the right place.<\/p>\n<p>Much less successful is Gerardo Herrero\u2019s production <strong><em>Tiempo Sin Aire<\/em><\/strong> (<em>Time without Air<\/em>, dir. Andr\u00e9s Luque and Samuel Mart\u00edn Mateos) in which Mar\u00eda, a Colombian nurse (Juana Acosta), moves to Santa Cruz de Tenerife with her heavily traumatised son in search of the Spanish mercenary soldier who took part in the gang rape and killing of her eldest daughter. The film uneasily navigates between flashbacks of the atrocities and the rather unconvincing love story between the protagonist and the school psychologist (played by veteran Carmelo G\u00f3mez) who takes an interest in her son. The film ends up relegating the Colombian guerrilla wars to mere backdrop for a rape-revenge melodrama. Screened out of competition, the Canal + television movie <strong><em>Le<\/em><\/strong><em> <strong>Sanctuaire<\/strong><\/em> (<em>Sanctuary<\/em>) by Olivier Masset-Depasse offers a stronger take on another history of violence. <em>Le sanctuaire <\/em>focuses on the political impasse that the presence of ETA members on French soil posited for the Mitterrand government in the early 1980s. French authorities were confronted with the decision either to hand them over to the Spanish authorities at a time in which there were reasonable doubts over the fairness of the Spanish judicial system, or to retain the right to give political asylum\u2014to offer sanctuary\u2014to members of the Basque group responsible for armed actions. ETA\u2019s history has been told in film and television from a variety of angles, yet this gripping docudrama brings a refreshing transnational vision on the conflict, if one that is clearly geared to French audiences and reliant on the face-off between men as agents of history (superbly played by J\u00e9r\u00e9mie Renier and \u00c0lex Brendem\u00fchl, on opposite sides of the negotiating table).<\/p>\n<p>On a very different register, another fascinating film with a transnational vision was Pablo Mart\u00ednez Pessi\u2019s <strong><em>Tus padres volver\u00e1n<\/em><\/strong> (<em>Your Parents Will Return<\/em>), a documentary that interviews the daughters and sons of Uruguayan political exiles living all over Western Europe, and teases out their experiences as individuals divided between their land of origin and their adoptive countries, between the past and the present, and between being children and being parents. This is a film that gains affective traction as it goes on and digs deep into the emotional traps set up by national identity, exile and belonging.<\/p>\n<p><div id=\"attachment_1115\" style=\"width: 222px\" class=\"wp-caption aligncenter\"><a href=\"http:\/\/reframe.sussex.ac.uk\/mediatico\/files\/2015\/06\/5.jpg\"><img loading=\"lazy\" decoding=\"async\" aria-describedby=\"caption-attachment-1115\" class=\"wp-image-1115 size-medium\" src=\"http:\/\/reframe.sussex.ac.uk\/mediatico\/files\/2015\/06\/5-212x300.jpg\" alt=\"#5\" width=\"212\" height=\"300\" srcset=\"https:\/\/reframe.sussex.ac.uk\/mediatico\/files\/2015\/06\/5-212x300.jpg 212w, https:\/\/reframe.sussex.ac.uk\/mediatico\/files\/2015\/06\/5.jpg 500w\" sizes=\"auto, (max-width: 212px) 100vw, 212px\" \/><\/a><p id=\"caption-attachment-1115\" class=\"wp-caption-text\">[IMAGE 5] Caption: Poster of Le Sanctuaire<\/p><\/div>Romantic comedy <strong><em>Sexo f\u00e1cil, pel\u00edculas tristes<\/em> <\/strong>(<em>Easy Sex, Sad Movies<\/em>) by Alejo Flah explores a different and rather lighter side of transnational filmmaking. Pablo, an Argentinian one-hit novelist living in Buenos Aires (Ernesto Alterio) is struggling to complete a commissioned script for a romantic comedy set in Madrid at the request of a producer friend embarked on a transnational film business venture. So the film works on two fictional levels: on the one hand, we get the film Pablo is writing, a textbook romcom played by the impossibly perfect-looking romcom couple Quim Guti\u00e9rrez and Marta Etura, complete with clich\u00e9d single best friend (embodied by Carlos Areces, whose superb comic talent merited more screen time). The couple goes through the motions (boy finds girl, boy loses girl, boy recovers girl) in an impossibly perfect-looking Madrid (including the briefest of detours via Paris, so <em>both <\/em>the-film-within-the-film and, one suspects, the film we\u2019re watching, can satisfy co-production requirements imposed by the minority French partner). On the other hand, this basic plot comes wrapped up in the emotional ups-and-downs and rather more prosaic life of the romcom\u2019s creator. As the mildly depressed forty-something writer, Alterio adds a layer of depth to this light concoction (his nuanced performance was rewarded with the best actor prize). Behind the unpromising title lays a thin but winsome film that wears its meta-narrative on its sleeve, holding a mirror up to the simple formulas and intricate geographies of contemporary romantic comedy.<\/p>\n<p><span class=\"embed-youtube\" style=\"text-align:center; display: block;\"><iframe loading=\"lazy\" class=\"youtube-player\" width=\"640\" height=\"360\" src=\"https:\/\/www.youtube.com\/embed\/Mu5hRAZI7WU?version=3&#038;rel=1&#038;showsearch=0&#038;showinfo=1&#038;iv_load_policy=1&#038;fs=1&#038;hl=en-US&#038;autohide=2&#038;wmode=transparent\" allowfullscreen=\"true\" style=\"border:0;\" sandbox=\"allow-scripts allow-same-origin allow-popups allow-presentation allow-popups-to-escape-sandbox\"><\/iframe><\/span><\/p>\n<p style=\"text-align: center;\"><a href=\"https:\/\/www.youtube.com\/watch?v=Mu5hRAZI7WU\" target=\"_blank\"><strong>Trailer <em>Sexo f\u00e1cil, pel\u00edculas tristes<\/em><\/strong><\/a><\/p>\n<p>I hardly had the chance to dip into the more heterogeneous and experimental Zonazine sidebar, nor in the Documentary and Latin American Territory sections. Alongside a rich programme of parallel events (lectures, masterclasses, round tables and workshops) they give a sense of the expanding remit of the festival. However, as a space for popular cinephilia, one needs to look at the way that M\u00e1laga has been instrumental not only in promoting stars but in launching the careers of popular auteurs such as Daniel S\u00e1nchez Ar\u00e9valo or the versatile Paco Le\u00f3n, who was in town to receive the Eloy de la Iglesia special award. Le\u00f3n, whose two films <em>Carmina o revienta <\/em>and <em>Carmina y am\u00e9n<\/em> <a href=\"http:\/\/reframe.sussex.ac.uk\/mediatico\/2014\/07\/07\/letter-from-madrid-carmina-y-amen-and-stella-cadente\" target=\"_blank\">[LINK 4] <\/a>reaped awards at the festival in 2012 and 2014 respectively, was known to audiences for his television roles before moving on into film directing. His \u201cCarmina\u201d diptych is both an experiment in mixing televisual and film genres, an innovative production venture (<em>Carmina o revienta <\/em>was launched on a simultaneous multi-platform release) and a curious family affair: the two films feature the director\u2019s equally well-known sister, rising actor Mar\u00eda Le\u00f3n, and turned Carmina Barrios, mother to the Le\u00f3n siblings, into a charismatic screen celebrity. This year, the official competition provided ample room to other actors turning in their first feature film, including Leticia Dolera\u2019s quirky romcom <em>Requisitos para ser una persona normal <\/em>(<em>Requirements to be a normal person<\/em>); actor and short filmmaker Zoe Berriat\u00faa\u2019s debut feature <em>Los h\u00e9roes del mal <\/em>(<em>Heroes of Evil<\/em>), a violent high school drama with a trio of vigorous performances, and especially Daniel Guzm\u00e1n\u2019s heartfelt autobiographical film <em>A cambio de nada <\/em>(<em>Nothing in Return<\/em>), which carried off the top prize\u2014the Golden Biznaga.<\/p>\n<p><div id=\"attachment_1116\" style=\"width: 310px\" class=\"wp-caption aligncenter\"><a href=\"http:\/\/reframe.sussex.ac.uk\/mediatico\/files\/2015\/06\/6.jpg\"><img loading=\"lazy\" decoding=\"async\" aria-describedby=\"caption-attachment-1116\" class=\"wp-image-1116 size-medium\" src=\"http:\/\/reframe.sussex.ac.uk\/mediatico\/files\/2015\/06\/6-300x133.jpg\" alt=\"#6\" width=\"300\" height=\"133\" srcset=\"https:\/\/reframe.sussex.ac.uk\/mediatico\/files\/2015\/06\/6-300x133.jpg 300w, https:\/\/reframe.sussex.ac.uk\/mediatico\/files\/2015\/06\/6-1024x453.jpg 1024w, https:\/\/reframe.sussex.ac.uk\/mediatico\/files\/2015\/06\/6.jpg 1749w\" sizes=\"auto, (max-width: 300px) 100vw, 300px\" \/><\/a><p id=\"caption-attachment-1116\" class=\"wp-caption-text\">[IMAGE 6] Poster of A cambio de nada<\/p><\/div>The highlight of my four days in M\u00e1laga was the special screening of a lost film by one of the most celebrated actor-directors in the history of Spanish cinema. Fernando Fern\u00e1n G\u00f3mez nearly went bankrupt by single-handedly adapting, producing, directing and performing in <strong><em>El mundo sigue<\/em><\/strong> (<em>Life Goes On<\/em>, shot in 1963). <em>El mundo sigue <\/em>is nothing short of a <em>film maudit<\/em>: it did not have a proper release at the time due to problems with the censor (although, unbeknownst to its director, the film was briefly screened in Bilbao) and has been rarely seen since. A relentlessly bleak melodrama, the film focuses on the contrasting fortunes of two sisters from a working-class family. \u201cGood girl\u201d and former beauty queen Elo\u00edsa (Lina Canalejas) is trapped in a circle of humiliation and destitution caused by her dependence on her good-for-nothing gambler of a husband, Faustino (played with absolute lack of vanity by Fern\u00e1n G\u00f3mez). \u201cBad girl\u201d Luisita (Gemma Cuervo) waives respectability but achieves security and self-confidence through her relationships with wealthy men. Partially shot on location and capturing a vivid snapshot of life in Madrid, <em>El mundo sigue <\/em>casts a scathing look on family relationships and the double standards that constrained women\u2019s lives at a time in which modern lifestyles started to free them of their traditional roles as housewives and mothers. The film is so unsparing in its social critique that it is little wonder that the Francoist censors clamped down on it. Seen today, <em>El mundo sigue <\/em>is fascinating for its awkward mixture of emphatic, over-the-top melodrama and its bold use of formal devices such as diegetic voiceovers, quick zooms and montage to insert a radical disjunction between the characters\u2019 desires and aspirations and the reality of their lives.<\/p>\n<p><div id=\"attachment_1117\" style=\"width: 310px\" class=\"wp-caption aligncenter\"><a href=\"http:\/\/reframe.sussex.ac.uk\/mediatico\/files\/2015\/06\/7.jpg\"><img loading=\"lazy\" decoding=\"async\" aria-describedby=\"caption-attachment-1117\" class=\"wp-image-1117 size-medium\" src=\"http:\/\/reframe.sussex.ac.uk\/mediatico\/files\/2015\/06\/7-300x168.jpg\" alt=\"#7\" width=\"300\" height=\"168\" srcset=\"https:\/\/reframe.sussex.ac.uk\/mediatico\/files\/2015\/06\/7-300x168.jpg 300w, https:\/\/reframe.sussex.ac.uk\/mediatico\/files\/2015\/06\/7.jpg 770w\" sizes=\"auto, (max-width: 300px) 100vw, 300px\" \/><\/a><p id=\"caption-attachment-1117\" class=\"wp-caption-text\">[IMAGE 7] Lina Canalejas and Fernando Fern\u00e1n G\u00f3mez in El mundo sigue<\/p><\/div><div id=\"attachment_1118\" style=\"width: 310px\" class=\"wp-caption aligncenter\"><a href=\"http:\/\/reframe.sussex.ac.uk\/mediatico\/files\/2015\/06\/8-BVidal.jpg\"><img loading=\"lazy\" decoding=\"async\" aria-describedby=\"caption-attachment-1118\" class=\"wp-image-1118 size-medium\" src=\"http:\/\/reframe.sussex.ac.uk\/mediatico\/files\/2015\/06\/8-BVidal-300x186.jpg\" alt=\"#8 BVidal\" width=\"300\" height=\"186\" srcset=\"https:\/\/reframe.sussex.ac.uk\/mediatico\/files\/2015\/06\/8-BVidal-300x186.jpg 300w, https:\/\/reframe.sussex.ac.uk\/mediatico\/files\/2015\/06\/8-BVidal.jpg 1024w\" sizes=\"auto, (max-width: 300px) 100vw, 300px\" \/><\/a><p id=\"caption-attachment-1118\" class=\"wp-caption-text\">[IMAGE 8] El mundo sigue: screening and round table at the auditorium of the Picasso Museum in M\u00e1laga.<\/p><\/div>The screening was followed by a round table chaired by journalist Luis Alegre with filmmakers Fernando Trueba and Juan Estelrich (grandson of the film\u2019s co-producer and supervisor of the film\u2019s newly restored digital print) as well as actors Antonio Resines, Jos\u00e9 Sacrist\u00e1n and Gemma Cuervo, who was part of the original cast. During two fascinating hours they talked at length of the depiction of 1960s working-class Madrid, of contemporary modern classics such as <em>Rocco and his Brothers <\/em>and the melodramas of Sirk and Fassbinder, and of the film\u2019s importance in the canon of Spanish cinema. There was also nostalgic reminiscing about the much missed Fern\u00e1n G\u00f3mez (1921-2007) whose bad temper, sharp wit and singular vision have become almost legendary. Cuervo, whose film career stalled after <em>El mundo sigue <\/em>vanished into obscurity, was visibly moved by the enthusiastic response from the spectators at the auditorium of the Picasso Museum. <em>El mundo sigue <\/em>will be released in cinemas in July 2015 to mark its 50<sup>th<\/sup> anniversary, but it was wonderful to watch it with M\u00e1laga\u2019s mixed audience. By supporting restored classics,<a href=\"#_edn2\" name=\"_ednref2\">[ii]<\/a> the M\u00e1laga Spanish Film Festival shows it is keen to open a space for cinephilia outside the rarefied domain which it is sometimes associated with, amidst the pleasures of star gazing and seaside film viewing.<\/p>\n<p><div id=\"attachment_1119\" style=\"width: 222px\" class=\"wp-caption aligncenter\"><a href=\"http:\/\/reframe.sussex.ac.uk\/mediatico\/files\/2015\/06\/9-FMCE-poster.jpg\"><img loading=\"lazy\" decoding=\"async\" aria-describedby=\"caption-attachment-1119\" class=\"wp-image-1119 size-medium\" src=\"http:\/\/reframe.sussex.ac.uk\/mediatico\/files\/2015\/06\/9-FMCE-poster-212x300.jpg\" alt=\"#9 FMCE poster\" width=\"212\" height=\"300\" srcset=\"https:\/\/reframe.sussex.ac.uk\/mediatico\/files\/2015\/06\/9-FMCE-poster-212x300.jpg 212w, https:\/\/reframe.sussex.ac.uk\/mediatico\/files\/2015\/06\/9-FMCE-poster-724x1024.jpg 724w, https:\/\/reframe.sussex.ac.uk\/mediatico\/files\/2015\/06\/9-FMCE-poster.jpg 970w\" sizes=\"auto, (max-width: 212px) 100vw, 212px\" \/><\/a><p id=\"caption-attachment-1119\" class=\"wp-caption-text\">[IMAGE 8] 18 M\u00e1laga Spanish Film Festival<\/p><\/div><a href=\"#_ednref1\" name=\"_edn1\">[i]<\/a> Smith, \u201cFilm and Television,\u201d in Jo Labanyi and Tatjana Pavlovi\u0107, eds. <em>A Companion to Spanish Cinema<\/em>, pp. 504-514. Oxford: Wiley-Blackwell, 2013, p.512.<\/p>\n<p><a href=\"#_ednref2\" name=\"_edn2\">[ii]<\/a> Orson Welles\u2019s 1965 Spanish production <em>Falstaff. Chimes at Midnight <\/em>also received a special screening at the festival.<\/p>\n","protected":false},"excerpt":{"rendered":"<p>Medi\u00e1tico is very happy\u00a0to present another, excellent, film festival report by Bel\u00e9n Vidal,\u00a0Senior Lecturer in Film Studies at King\u2019s College,&#8230;<\/p>\n","protected":false},"author":1,"featured_media":1119,"comment_status":"open","ping_status":"open","sticky":false,"template":"","format":"standard","meta":{"jetpack_post_was_ever_published":false,"_jetpack_newsletter_access":"","_jetpack_dont_email_post_to_subs":false,"_jetpack_newsletter_tier_id":0,"_jetpack_memberships_contains_paywalled_content":false,"_jetpack_memberships_contains_paid_content":false,"footnotes":"","jetpack_publicize_message":"","jetpack_publicize_feature_enabled":true,"jetpack_social_post_already_shared":true,"jetpack_social_options":{"image_generator_settings":{"template":"highway","default_image_id":0,"font":"","enabled":false},"version":2}},"categories":[2,3],"tags":[116,67,132],"class_list":["post-1109","post","type-post","status-publish","format-standard","has-post-thumbnail","hentry","category-film","category-television","tag-belen-vidal","tag-film-festivals","tag-spanish-cinema"],"jetpack_publicize_connections":[],"jetpack_featured_media_url":"https:\/\/reframe.sussex.ac.uk\/mediatico\/files\/2015\/06\/9-FMCE-poster.jpg","jetpack_shortlink":"https:\/\/wp.me\/p49QSj-hT","jetpack_sharing_enabled":true,"_links":{"self":[{"href":"https:\/\/reframe.sussex.ac.uk\/mediatico\/wp-json\/wp\/v2\/posts\/1109","targetHints":{"allow":["GET"]}}],"collection":[{"href":"https:\/\/reframe.sussex.ac.uk\/mediatico\/wp-json\/wp\/v2\/posts"}],"about":[{"href":"https:\/\/reframe.sussex.ac.uk\/mediatico\/wp-json\/wp\/v2\/types\/post"}],"author":[{"embeddable":true,"href":"https:\/\/reframe.sussex.ac.uk\/mediatico\/wp-json\/wp\/v2\/users\/1"}],"replies":[{"embeddable":true,"href":"https:\/\/reframe.sussex.ac.uk\/mediatico\/wp-json\/wp\/v2\/comments?post=1109"}],"version-history":[{"count":12,"href":"https:\/\/reframe.sussex.ac.uk\/mediatico\/wp-json\/wp\/v2\/posts\/1109\/revisions"}],"predecessor-version":[{"id":1131,"href":"https:\/\/reframe.sussex.ac.uk\/mediatico\/wp-json\/wp\/v2\/posts\/1109\/revisions\/1131"}],"wp:featuredmedia":[{"embeddable":true,"href":"https:\/\/reframe.sussex.ac.uk\/mediatico\/wp-json\/wp\/v2\/media\/1119"}],"wp:attachment":[{"href":"https:\/\/reframe.sussex.ac.uk\/mediatico\/wp-json\/wp\/v2\/media?parent=1109"}],"wp:term":[{"taxonomy":"category","embeddable":true,"href":"https:\/\/reframe.sussex.ac.uk\/mediatico\/wp-json\/wp\/v2\/categories?post=1109"},{"taxonomy":"post_tag","embeddable":true,"href":"https:\/\/reframe.sussex.ac.uk\/mediatico\/wp-json\/wp\/v2\/tags?post=1109"}],"curies":[{"name":"wp","href":"https:\/\/api.w.org\/{rel}","templated":true}]}}